{"id":463,"date":"2018-02-28T10:05:55","date_gmt":"2018-02-28T10:05:55","guid":{"rendered":"http:\/\/192.168.69.8\/amadeoolmos\/in-the-paintings-of-amadeo-olmos\/"},"modified":"2018-11-28T11:28:30","modified_gmt":"2018-11-28T11:28:30","slug":"in-the-paintings-of-amadeo-olmos","status":"publish","type":"post","link":"https:\/\/www.amadeoolmos.com\/en\/in-the-paintings-of-amadeo-olmos\/","title":{"rendered":"IN THE PAINTINGS OF AMADEO OLMOS"},"content":{"rendered":"<div class=\"fusion-fullwidth fullwidth-box fusion-builder-row-1 nonhundred-percent-fullwidth non-hundred-percent-height-scrolling\" style=\"--awb-border-radius-top-left:0px;--awb-border-radius-top-right:0px;--awb-border-radius-bottom-right:0px;--awb-border-radius-bottom-left:0px;--awb-flex-wrap:wrap;\" ><div class=\"fusion-builder-row fusion-row\"><div class=\"fusion-layout-column fusion_builder_column fusion-builder-column-0 fusion_builder_column_1_1 1_1 fusion-one-full fusion-column-first fusion-column-last\" style=\"--awb-bg-size:cover;\"><div class=\"fusion-column-wrapper fusion-flex-column-wrapper-legacy\"><div class=\"fusion-title title fusion-title-1 fusion-sep-none fusion-title-text fusion-title-size-one\" style=\"--awb-margin-top-small:10px;--awb-margin-right-small:0px;--awb-margin-bottom-small:10px;--awb-margin-left-small:0px;\"><h1 class=\"fusion-title-heading title-heading-left\" style=\"margin:0;\">IN THE PAINTINGS OF AMADEO OLMOS. Luis Javier Moreno<\/h1><\/div><div class=\"fusion-clearfix\"><\/div><\/div><\/div><div class=\"fusion-layout-column fusion_builder_column fusion-builder-column-1 fusion_builder_column_1_3 1_3 fusion-one-third fusion-column-first\" style=\"--awb-bg-size:cover;width:33.333333333333%;width:calc(33.333333333333% - ( ( 4% ) * 0.33333333333333 ) );margin-right: 4%;\"><div class=\"fusion-column-wrapper fusion-flex-column-wrapper-legacy\"><div class=\"fusion-text fusion-text-1\"><div id=\"attachment_346\" style=\"width: 310px\" class=\"wp-caption alignleft\"><img decoding=\"async\" aria-describedby=\"caption-attachment-346\" class=\"size-medium wp-image-345\" src=\"https:\/\/www.amadeoolmos.com\/wp-content\/uploads\/2018\/11\/12-4-300x300.jpg\" alt=\"\" width=\"300\" height=\"300\" srcset=\"https:\/\/www.amadeoolmos.com\/wp-content\/uploads\/2018\/11\/12-4-66x66.jpg 66w, https:\/\/www.amadeoolmos.com\/wp-content\/uploads\/2018\/11\/12-4-150x150.jpg 150w, https:\/\/www.amadeoolmos.com\/wp-content\/uploads\/2018\/11\/12-4-200x200.jpg 200w, https:\/\/www.amadeoolmos.com\/wp-content\/uploads\/2018\/11\/12-4-300x300.jpg 300w, https:\/\/www.amadeoolmos.com\/wp-content\/uploads\/2018\/11\/12-4-400x400.jpg 400w, https:\/\/www.amadeoolmos.com\/wp-content\/uploads\/2018\/11\/12-4-600x599.jpg 600w, https:\/\/www.amadeoolmos.com\/wp-content\/uploads\/2018\/11\/12-4-768x767.jpg 768w, https:\/\/www.amadeoolmos.com\/wp-content\/uploads\/2018\/11\/12-4-800x799.jpg 800w, https:\/\/www.amadeoolmos.com\/wp-content\/uploads\/2018\/11\/12-4.jpg 1000w\" sizes=\"(max-width: 300px) 100vw, 300px\" \/><p id=\"caption-attachment-346\" class=\"wp-caption-text\">T\u00eate-B\u00eache D12,2005 \u00b7 Mixed media\/panel 25&#215;25 cm<\/p><\/div>\n<\/div><div class=\"fusion-clearfix\"><\/div><\/div><\/div><div class=\"fusion-layout-column fusion_builder_column fusion-builder-column-2 fusion_builder_column_2_3 2_3 fusion-two-third fusion-column-last\" style=\"--awb-bg-size:cover;width:66.666666666667%;width:calc(66.666666666667% - ( ( 4% ) * 0.66666666666667 ) );\"><div class=\"fusion-column-wrapper fusion-flex-column-wrapper-legacy\"><div class=\"fusion-text fusion-text-2\"><p>(Inventario de modos; a su tiempo, en su espacio)<\/p>\n<p>Uno<\/p>\n<p>No queda ya ni rastro de la nieve que hubo<br \/>\ny la pujanza verde de la hierba<br \/>\nse extiende a la llanura y la renueva.<br \/>\nHoracio, IV<\/p>\n<p>Cuando se abren en mayo las m\u00e1s tempranas rosas,<br \/>\nsuele callarse el mar. El sol, afianzado<br \/>\nen la crecida del calor y luces,<br \/>\nda nuevo resplandor a la chatarra<br \/>\nde los coches pintados de Amadeo,<br \/>\nabandonados ante los rosales<br \/>\nen la forma quebrada de su carrocer\u00eda&#8230;<\/p>\n<p>Son un resto perdido, una v\u00e1nitas triste,<br \/>\nque disfrutaron su veloz carrera<br \/>\nderrotando al espacio y al tiempo en los ra\u00edles<br \/>\nde tantas autopistas prodigiosas.<br \/>\nAhora son un deshecho que rescata el pintor<br \/>\n(como lo fueron antes y lo ser\u00e1n siempre,<br \/>\nel sol, las rosas, la marea sonora)<br \/>\ncon m\u00e1s intensidad, mayor modestia,<br \/>\nen el brillo estirado de sus lienzos:<br \/>\nun acta del pasar irremediable,<br \/>\nde la avidez de plata que tuvieron<br \/>\nesos sofisticados artefactos<br \/>\nque hoy camuflan los pinos (\u00bflos camuflan?),<br \/>\nen su brillo y su sombra y los traspasa<br \/>\nen la pintada luz que corresponde<br \/>\nal \u00e1rbol en invierno, una adecuada<br \/>\nestaci\u00f3n para viejos autom\u00f3viles,<br \/>\nentre la mansedumbre del paisaje<br \/>\nen el extremo azul de la pintura,<br \/>\nque recoge el poema&#8230; \u00bfLo recoge?<\/p>\n<p>Dos<\/p>\n<p>Recuerda el mar, de pronto,<br \/>\nlos nombres de todos sus ahogados.<br \/>\nse extiende a la llanura y la renueva.<br \/>\nF. Garc\u00eda Lorca<\/p>\n<p>Si el mar (\u00a1el mar!) renace y recomienza<br \/>\nes porque siempre y antes<br \/>\nentrega en las arenas de las playas<br \/>\nsu esp\u00edritu de espuma azul y blanco&#8230;<br \/>\nson los momentos en que el mar recuerda,<br \/>\nuno por uno, el nombre de todos sus ahogados<br \/>\ny les llama, para que se presenten<br \/>\ny den su testimonio de que el agua les quiso<br \/>\ny en la marea baja dej\u00f3 s\u00f3lo cad\u00e1veres<br \/>\nce\u00f1idos a la arena entre carnosas algas,<br \/>\nsin sangre, que desnudas les rodean<br \/>\ndesde el fondo abisal donde las algas,<br \/>\na los muertos por agua les visten y dan paz,<br \/>\nla paz de la pintura azul, verde, gris claro<br \/>\nde las claras marinas de Amadeo<br \/>\nen las que los difuntos no aparecen<br \/>\nporque el mar amoroso que los quiso<br \/>\nles priv\u00f3 de su aliento<br \/>\npara poblar sus islas venturosas.<\/p>\n<p>Tres<\/p>\n<p>Hay quien tiene destinos se\u00f1alados<br \/>\ny yo puedo caerme hacia esa parte,<br \/>\ny puedo imaginar, y hasta cre\u00e9rmelo,<br \/>\nque podr\u00e1 la verdad esconder mis mentiras.<br \/>\nRobert Lowell<\/p>\n<p>El esquema esencial de un escritorio<br \/>\ncuenta con la madera fragante del enebro,<br \/>\ncon el esta\u00f1o, a veces, de un tintero<br \/>\ncon cuya tinta de color las voces<br \/>\njuegan sobre el papel una partida<br \/>\nde palabras que surgen desde el centro<br \/>\nde la rosa, ese centro<br \/>\ndel que nace su rojo coraz\u00f3n:<br \/>\nuna imagen del mundo y cielo \u00edntimos,<br \/>\nmientras observa, c\u00f3mo lo hacen las flores,<br \/>\nla guerra de los nombres insondables<br \/>\nsobre la tabla de los escritorios<br \/>\ndel autor que desea en sus cuartillas<br \/>\narrastrar los suspiros, la armon\u00eda<br \/>\ndel reino de este mundo en las venas del s\u00edlice<br \/>\n(que no pesa y es blanco), del nombre de las flores:<br \/>\ncal\u00e9ndula, celinda, cinia o nardo&#8230;<br \/>\nPero las flores rojas, amarillas,<br \/>\nblancas, que dieron su color al lienzo,<br \/>\nsus p\u00e9talos tirantes a las formas,<br \/>\nno tienen ojos para verlo y m\u00fastianse.<\/p>\n<p>Testigos son los mudos invitados,<br \/>\npersonajes de algunos cuadros suyos,<br \/>\nante el limpio raspado de las telas,<br \/>\ntras las ramas peladas y el color de unas voces<br \/>\nque no son pronunciadas, las cortinas<br \/>\nque separan las nubes de las mesas<br \/>\ny las apoteosis de las llamas<br \/>\nsobre el lar rojo de la chimenea&#8230;<br \/>\nSon unos personajes persuadidos<br \/>\nde que deben las cosas su belleza m\u00e1s rara<br \/>\na las horas extra\u00f1as en que son conocidas.<\/p>\n<p>Cuatro: mi retrato<\/p>\n<p>Yo en cambio soy abeja del Matino<br \/>\nque los tomillos liba laborioso<br \/>\nentre los bosques, donde con paciencia,<br \/>\nescribo en mi modestia, con esfuerzo,<br \/>\nmis propios versos minuciosamente.<br \/>\nHoracio IV, 2.<\/p>\n<p>Estoy donde me has puesto: ante la forma<br \/>\nyacente y alargada de nuestra Mujer Muerta<br \/>\naguardando expectante,<br \/>\nla mutaci\u00f3n del virus de la gripe.<br \/>\nAmo este sur de fr\u00edo y amargura,<br \/>\nla fuerza de la roca,<br \/>\nlos valles solitarios, nemorosos,<br \/>\nque quiero y me saludan<br \/>\nen la forma cort\u00e9s de la rutina<br \/>\nde los buenos modales.<br \/>\nS\u00e9 que estos son mis d\u00edas de diciembre<br \/>\nen que nunca es cansado ver la nieve,<br \/>\nmis mismos d\u00edas en sus tonos grises,<br \/>\nblancos en invierno, algo rosa al ocaso<br \/>\nde los tejados curvos, curvo el tiempo<br \/>\ndel contorno febril de los lugares.<\/p>\n<p>Es as\u00ed la belleza, as\u00ed la forma<br \/>\nen que mis agrios pensamientos tejen<br \/>\nsu propia muerte mientras les observo.<br \/>\n\u00a1Es tan maravilloso cuanto muere<br \/>\ncontra la luz del azafr\u00e1n del alba!<br \/>\nAh\u00ed percibo el desastre fluyendo por mis venas,<br \/>\ntodo cuanto la noche pudo darme<br \/>\nen la tibieza oscura de mi alcoba,<br \/>\ncerrados los balcones al invierno y al fr\u00edo.<\/p>\n<p>Recibida la tarde y sus memorias,<br \/>\nme dec\u00edan adi\u00f3s seg\u00fan el modo<br \/>\ncort\u00e9s de la rutina de los buenos modales&#8230;<br \/>\nMi apariencia de dicha en el retrato<br \/>\nfue, creo, una cuesti\u00f3n de estilo.<\/p>\n<p><em>Luis Javier Moreno<\/em><\/p>\n<\/div><div class=\"fusion-clearfix\"><\/div><\/div><\/div><\/div><\/div>\n","protected":false},"excerpt":{"rendered":"<p>Luis Javier Moreno<\/p>\n","protected":false},"author":1,"featured_media":346,"comment_status":"open","ping_status":"open","sticky":false,"template":"","format":"standard","meta":{"footnotes":""},"categories":[20],"tags":[],"class_list":["post-463","post","type-post","status-publish","format-standard","has-post-thumbnail","hentry","category-text"],"_links":{"self":[{"href":"https:\/\/www.amadeoolmos.com\/en\/wp-json\/wp\/v2\/posts\/463","targetHints":{"allow":["GET"]}}],"collection":[{"href":"https:\/\/www.amadeoolmos.com\/en\/wp-json\/wp\/v2\/posts"}],"about":[{"href":"https:\/\/www.amadeoolmos.com\/en\/wp-json\/wp\/v2\/types\/post"}],"author":[{"embeddable":true,"href":"https:\/\/www.amadeoolmos.com\/en\/wp-json\/wp\/v2\/users\/1"}],"replies":[{"embeddable":true,"href":"https:\/\/www.amadeoolmos.com\/en\/wp-json\/wp\/v2\/comments?post=463"}],"version-history":[{"count":2,"href":"https:\/\/www.amadeoolmos.com\/en\/wp-json\/wp\/v2\/posts\/463\/revisions"}],"predecessor-version":[{"id":476,"href":"https:\/\/www.amadeoolmos.com\/en\/wp-json\/wp\/v2\/posts\/463\/revisions\/476"}],"wp:featuredmedia":[{"embeddable":true,"href":"https:\/\/www.amadeoolmos.com\/en\/wp-json\/wp\/v2\/media\/346"}],"wp:attachment":[{"href":"https:\/\/www.amadeoolmos.com\/en\/wp-json\/wp\/v2\/media?parent=463"}],"wp:term":[{"taxonomy":"category","embeddable":true,"href":"https:\/\/www.amadeoolmos.com\/en\/wp-json\/wp\/v2\/categories?post=463"},{"taxonomy":"post_tag","embeddable":true,"href":"https:\/\/www.amadeoolmos.com\/en\/wp-json\/wp\/v2\/tags?post=463"}],"curies":[{"name":"wp","href":"https:\/\/api.w.org\/{rel}","templated":true}]}}