{"id":485,"date":"2018-06-28T10:28:31","date_gmt":"2018-06-28T10:28:31","guid":{"rendered":"http:\/\/192.168.69.8\/amadeoolmos\/ver-para-pensar\/"},"modified":"2018-11-28T11:29:31","modified_gmt":"2018-11-28T11:29:31","slug":"ver-para-pensar","status":"publish","type":"post","link":"https:\/\/www.amadeoolmos.com\/en\/ver-para-pensar\/","title":{"rendered":"VER PARA PENSAR"},"content":{"rendered":"<div class=\"fusion-fullwidth fullwidth-box fusion-builder-row-1 nonhundred-percent-fullwidth non-hundred-percent-height-scrolling\" style=\"--awb-border-radius-top-left:0px;--awb-border-radius-top-right:0px;--awb-border-radius-bottom-right:0px;--awb-border-radius-bottom-left:0px;--awb-flex-wrap:wrap;\" ><div class=\"fusion-builder-row fusion-row\"><div class=\"fusion-layout-column fusion_builder_column fusion-builder-column-0 fusion_builder_column_1_1 1_1 fusion-one-full fusion-column-first fusion-column-last\" style=\"--awb-bg-size:cover;\"><div class=\"fusion-column-wrapper fusion-flex-column-wrapper-legacy\"><div class=\"fusion-title title fusion-title-1 fusion-sep-none fusion-title-text fusion-title-size-one\" style=\"--awb-margin-top-small:10px;--awb-margin-right-small:0px;--awb-margin-bottom-small:10px;--awb-margin-left-small:0px;\"><h1 class=\"fusion-title-heading title-heading-left\" style=\"margin:0;\">VER PARA PENSAR.\u00a0Maribel Gilsanz<\/h1><\/div><div class=\"fusion-text fusion-text-1\"><div id=\"attachment_411\" style=\"width: 310px\" class=\"wp-caption alignleft\"><img decoding=\"async\" aria-describedby=\"caption-attachment-411\" class=\"wp-image-410 size-medium\" src=\"https:\/\/www.amadeoolmos.com\/wp-content\/uploads\/2018\/11\/1-7-300x202.jpg\" alt=\"\" width=\"300\" height=\"202\" srcset=\"https:\/\/www.amadeoolmos.com\/wp-content\/uploads\/2018\/11\/1-7-200x135.jpg 200w, https:\/\/www.amadeoolmos.com\/wp-content\/uploads\/2018\/11\/1-7-300x202.jpg 300w, https:\/\/www.amadeoolmos.com\/wp-content\/uploads\/2018\/11\/1-7-400x269.jpg 400w, https:\/\/www.amadeoolmos.com\/wp-content\/uploads\/2018\/11\/1-7-600x404.jpg 600w, https:\/\/www.amadeoolmos.com\/wp-content\/uploads\/2018\/11\/1-7-768x517.jpg 768w, https:\/\/www.amadeoolmos.com\/wp-content\/uploads\/2018\/11\/1-7-800x538.jpg 800w, https:\/\/www.amadeoolmos.com\/wp-content\/uploads\/2018\/11\/1-7.jpg 1000w\" sizes=\"(max-width: 300px) 100vw, 300px\" \/><p id=\"caption-attachment-411\" class=\"wp-caption-text\">Miradores 1. Impresi\u00f3n tintas pigmentadas sobre papel Hahnem\u00fchle (medidas variables)<\/p><\/div>\n<p>La vista nos sit\u00faa en el entorno. \u00bfQu\u00e9 ocurre cuando estando en un lugar nos asalta la fantas\u00eda, la imaginaci\u00f3n o la memoria?<\/p>\n<p>Mirar es un acto de voluntad. Ver es un ejercicio de percepci\u00f3n en el que intervienen los cinco sentidos, en el que median el inconsciente, las vivencias, la forma en que asociamos los est\u00edmulos\u2026 \u00bfC\u00f3mo podemos saber hasta qu\u00e9 punto manipulamos lo que vemos?\u00a0 Siempre hay una fisura entre la realidad y la visi\u00f3n por donde se escapan las diferencias entre lo que vemos unos y lo que ven otros.<\/p>\n<p>Miramos las cosas en relaci\u00f3n a nosotros. \u00bfC\u00f3mo transforma el mundo los ojos de la mente? \u00bfC\u00f3mo afectan a nuestra visi\u00f3n las creencias, los intereses, los deseos?<\/p>\n<p>Todos, en alg\u00fan momento, nos preguntamos c\u00f3mo nos ver\u00e1n los dem\u00e1s. En ocasiones, cuando miramos a una persona a los ojos nos vemos siendo vistos. Algo as\u00ed me sucede cuando miro estos fotomontajes.<\/p>\n<p>Amadeo toma mi imagen y juega con ella. Manipula el entorno en el que me encontraba cuando dispar\u00f3 la foto. La mayor\u00eda de las veces son miradores, lugares desde los que se puede contemplar con tranquilidad el paisaje. Otras veces recurre a interiores, tambi\u00e9n transformados por esas pantallas que coloca en sus fotos y que obligan a un constante ejercicio de reflexi\u00f3n. \u00bfQu\u00e9 quiere decirnos? \u00bfQu\u00e9 pretende combinando esas dos fotos de diferente procedencia? Una est\u00e1 tomada de la realidad, la otra del mundo virtual: televisiones, pantallas de cine, etc. \u00a0La mezcla es una constante en su obra; sea pict\u00f3rica, fotogr\u00e1fica o instalaci\u00f3n.<\/p>\n<p>Estas im\u00e1genes mixtas provocan lecturas m\u00faltiples, ya que no son representaciones que uno pueda haber encontrado con anterioridad, son nuevas para nosotros y a\u00fan no tenemos preparado ning\u00fan discurso que las justifique. Se convierten as\u00ed en una interrogaci\u00f3n segura. Cada uno de nosotros dar\u00e1 la respuesta que le indique su manera de ver.<\/p>\n<p>Vivimos rodeados de pantallas, cercados por medios que tratan de captarnos y decirnos lo que debemos ver, qu\u00e9 pensar sobre lo visto. Es posible que el autor tambi\u00e9n quiera hacernos reflexionar sobre esto. Lo que s\u00ed sabemos seguro es que quiere invitarnos a reflexionar.<\/p>\n<p style=\"text-align: right;\"><em>Maribel Gilsanz <\/em><\/p>\n<\/div><div class=\"fusion-clearfix\"><\/div><\/div><\/div><\/div><\/div>\n","protected":false},"excerpt":{"rendered":"<p>Maribel Gilsanz <\/p>\n","protected":false},"author":1,"featured_media":411,"comment_status":"open","ping_status":"open","sticky":false,"template":"","format":"standard","meta":{"footnotes":""},"categories":[20],"tags":[],"class_list":["post-485","post","type-post","status-publish","format-standard","has-post-thumbnail","hentry","category-text"],"_links":{"self":[{"href":"https:\/\/www.amadeoolmos.com\/en\/wp-json\/wp\/v2\/posts\/485","targetHints":{"allow":["GET"]}}],"collection":[{"href":"https:\/\/www.amadeoolmos.com\/en\/wp-json\/wp\/v2\/posts"}],"about":[{"href":"https:\/\/www.amadeoolmos.com\/en\/wp-json\/wp\/v2\/types\/post"}],"author":[{"embeddable":true,"href":"https:\/\/www.amadeoolmos.com\/en\/wp-json\/wp\/v2\/users\/1"}],"replies":[{"embeddable":true,"href":"https:\/\/www.amadeoolmos.com\/en\/wp-json\/wp\/v2\/comments?post=485"}],"version-history":[{"count":1,"href":"https:\/\/www.amadeoolmos.com\/en\/wp-json\/wp\/v2\/posts\/485\/revisions"}],"predecessor-version":[{"id":486,"href":"https:\/\/www.amadeoolmos.com\/en\/wp-json\/wp\/v2\/posts\/485\/revisions\/486"}],"wp:featuredmedia":[{"embeddable":true,"href":"https:\/\/www.amadeoolmos.com\/en\/wp-json\/wp\/v2\/media\/411"}],"wp:attachment":[{"href":"https:\/\/www.amadeoolmos.com\/en\/wp-json\/wp\/v2\/media?parent=485"}],"wp:term":[{"taxonomy":"category","embeddable":true,"href":"https:\/\/www.amadeoolmos.com\/en\/wp-json\/wp\/v2\/categories?post=485"},{"taxonomy":"post_tag","embeddable":true,"href":"https:\/\/www.amadeoolmos.com\/en\/wp-json\/wp\/v2\/tags?post=485"}],"curies":[{"name":"wp","href":"https:\/\/api.w.org\/{rel}","templated":true}]}}